{"id":4077,"date":"2025-07-07T16:13:56","date_gmt":"2025-07-07T19:13:56","guid":{"rendered":"https:\/\/semapi.com.br\/?p=4077"},"modified":"2025-07-08T08:51:35","modified_gmt":"2025-07-08T11:51:35","slug":"50-anos-depois-o-impacto-do-joelma-nas-normas-de-protecao-contra-incendios","status":"publish","type":"post","link":"https:\/\/semapi.com.br\/es\/50-anos-depois-o-impacto-do-joelma-nas-normas-de-protecao-contra-incendios\/","title":{"rendered":"50 anos depois: o impacto do Edif\u00edcio Joelma nas normas de prote\u00e7\u00e3o contra inc\u00eandios"},"content":{"rendered":"<p><span data-contrast=\"auto\">Na manh\u00e3 de 1\u00ba de fevereiro de 1974, o Brasil foi surpreendido por uma das maiores trag\u00e9dias urbanas de sua hist\u00f3ria: o inc\u00eandio no Edif\u00edcio Joelma, no centro de S\u00e3o Paulo. Um curto-circuito em um aparelho de ar-condicionado no 12\u00ba andar deu in\u00edcio a um inc\u00eandio de grandes propor\u00e7\u00f5es,<strong> que se alastrou rapidamente por salas pequenas,<\/strong> repletas de divis\u00f3rias, m\u00f3veis de madeira, carpetes e cortinas. A estrutura da cobertura, com telhas de amianto sobre madeira, e a aus\u00eancia de isolamento entre andares agravaram ainda mais a situa\u00e7\u00e3o.<\/span><span data-ccp-props=\"{&quot;134233117&quot;:false,&quot;134233118&quot;:false,&quot;335551550&quot;:0,&quot;335551620&quot;:0,&quot;335559738&quot;:240,&quot;335559739&quot;:240}\">\u00a0<\/span><\/p>\n<p><span data-contrast=\"auto\">O edif\u00edcio, moderno para os padr\u00f5es da \u00e9poca, n\u00e3o contava com escadas de emerg\u00eancia, nem plano de evacua\u00e7\u00e3o. A \u00fanica escada central se transformou em uma verdadeira chamin\u00e9,<strong> impossibilitando a fuga<\/strong>. Os hidrantes estavam sem \u00e1gua e n\u00e3o havia brigada de inc\u00eandio. As instala\u00e7\u00f5es el\u00e9tricas, feitas por profissionais n\u00e3o certificados, completavam o cen\u00e1rio de vulnerabilidade. O saldo foi devastador:<strong> 181 mortos e mais de 300 feridos.<\/strong><\/span><strong>\u00a0<\/strong><\/p>\n<p><span data-contrast=\"auto\">Naquele per\u00edodo, o C\u00f3digo de Obras vigente na capital paulista ainda era o de 1934 \u2014 defasado diante da urbaniza\u00e7\u00e3o acelerada da cidade. O inc\u00eandio no Joelma, somado ao ocorrido dois anos antes no Edif\u00edcio Andraus, acendeu um alerta definitivo sobre a<strong> necessidade de reformas profundas<\/strong> nas normas de seguran\u00e7a predial.<\/span><span data-ccp-props=\"{&quot;134233117&quot;:false,&quot;134233118&quot;:false,&quot;335551550&quot;:0,&quot;335551620&quot;:0,&quot;335559738&quot;:240,&quot;335559739&quot;:240}\">\u00a0<\/span><\/p>\n<h1>Mudan\u00e7a nas normas<\/h1>\n<p><span data-contrast=\"auto\">Seis dias ap\u00f3s a trag\u00e9dia, o ent\u00e3o prefeito Miguel Colassuonno publicou o decreto 10.878, <strong>estabelecendo novas regras<\/strong> para edif\u00edcios na cidade. Entre elas, passaram a ser exigidas rotas de fuga, abastecimento de \u00e1gua para combate a inc\u00eandios, uso de materiais resistentes ao fogo e o limite de ocupa\u00e7\u00e3o por andar. Al\u00e9m disso, tornou-se obrigat\u00f3ria a instala\u00e7\u00e3o de <a href=\"https:\/\/semapi.com.br\/es\/como-o-teste-de-sistema-de-diluvio-evitou-uma-falha-critica-em-uma-planta-industrial\/\">chuveiros autom\u00e1ticos<\/a> (os famosos sprinklers) em pr\u00e9dios da capital.<\/span><span data-ccp-props=\"{&quot;134233117&quot;:false,&quot;134233118&quot;:false,&quot;335551550&quot;:0,&quot;335551620&quot;:0,&quot;335559738&quot;:240,&quot;335559739&quot;:240}\">\u00a0<\/span><\/p>\n<p><span data-contrast=\"auto\">O <a href=\"https:\/\/semapi.com.br\/es\/nfpa-e-o-desastre-da-torre-grenfell-licoes-para-a-seguranca-contra-incendio\/\">inc\u00eandio<\/a> tamb\u00e9m impulsionou mudan\u00e7as dentro do pr\u00f3prio Corpo de Bombeiros, com melhorias em treinamento, opera\u00e7\u00f5es e equipamentos. Ainda em 1974, os debates sobre um novo C\u00f3digo de Obras foram retomados, e surgiu a Coordenadoria de Controle e Uso de Im\u00f3veis (Contru), respons\u00e1vel por fiscalizar e prevenir falhas de seguran\u00e7a em edifica\u00e7\u00f5es em S\u00e3o Paulo.<\/span><span data-ccp-props=\"{&quot;134233117&quot;:false,&quot;134233118&quot;:false,&quot;335551550&quot;:0,&quot;335551620&quot;:0,&quot;335559738&quot;:240,&quot;335559739&quot;:240}\">\u00a0<\/span><\/p>\n<p><span data-contrast=\"auto\">Hoje, al\u00e9m das legisla\u00e7\u00f5es municipais, normas da Associa\u00e7\u00e3o Brasileira de Normas T\u00e9cnicas (ABNT) e o C\u00f3digo de Defesa do Consumidor refor\u00e7am o compromisso <strong>com a preven\u00e7\u00e3o a inc\u00eandios<\/strong> em pr\u00e9dios em todo o pa\u00eds.<\/span><span data-ccp-props=\"{&quot;134233117&quot;:false,&quot;134233118&quot;:false,&quot;335551550&quot;:0,&quot;335551620&quot;:0,&quot;335559738&quot;:240,&quot;335559739&quot;:240}\">\u00a0<\/span><\/p>\n<h1>Seguridad<\/h1>\n<p><span data-contrast=\"auto\">Nesse contexto, iniciativas como as da SEMAPI tornam-se ainda mais relevantes. Com experi\u00eancia em testes de performance de sistemas de combate a inc\u00eandio, a empresa atua conforme <strong>os rigorosos crit\u00e9rios da NFPA<\/strong> (National Fire Protection Association) \u2014 refer\u00eancia mundial em <a href=\"https:\/\/semapi.com.br\/es\/nfpa-confira-5-motivos-para-seguir-as-normas-de-sistemas-de-combate-a-incendio\/\">seguran\u00e7a contra inc\u00eandios. <\/a><\/span><\/p>\n<p><span data-contrast=\"auto\">Por meio de <strong>inspe\u00e7\u00f5es t\u00e9cnicas especializadas<\/strong>, a empresa ajuda edifica\u00e7\u00f5es a estarem em conformidade com <a href=\"https:\/\/semapi.com.br\/es\/nfpa-qual-a-diferenca-entre-as-normas-nfpa-20-e-nfpa-25\/\">normas<\/a> internacionais, garantindo que os sistemas estejam operacionais e preparados para proteger vidas e patrim\u00f4nios em situa\u00e7\u00f5es de emerg\u00eancia. Quer saber se o seu sistema est\u00e1 realmente pronto para agir quando mais precisa? <a href=\"https:\/\/semapi.com.br\/es\/fale-conosco\/\">Fale com a SEMAPI<\/a> e conte com quem entende de seguran\u00e7a de verdade.<\/span><span data-ccp-props=\"{&quot;134233117&quot;:false,&quot;134233118&quot;:false,&quot;201341983&quot;:0,&quot;335551550&quot;:1,&quot;335551620&quot;:1,&quot;335559685&quot;:0,&quot;335559737&quot;:0,&quot;335559738&quot;:240,&quot;335559739&quot;:240,&quot;335559740&quot;:279}\">\u00a0<\/span><\/p>","protected":false},"excerpt":{"rendered":"<p>Na manh\u00e3 de 1\u00ba de fevereiro de 1974, o Brasil foi surpreendido por uma das maiores trag\u00e9dias urbanas de sua hist\u00f3ria: o inc\u00eandio no Edif\u00edcio Joelma, no centro de S\u00e3o Paulo. Um curto-circuito em um aparelho de ar-condicionado no 12\u00ba andar deu in\u00edcio a um inc\u00eandio de grandes propor\u00e7\u00f5es, que se alastrou rapidamente por salas [&hellip;]<\/p>\n","protected":false},"author":22,"featured_media":4081,"comment_status":"closed","ping_status":"open","sticky":false,"template":"","format":"standard","meta":{"_monsterinsights_skip_tracking":false,"_monsterinsights_sitenote_active":false,"_monsterinsights_sitenote_note":"","_monsterinsights_sitenote_category":0,"iawp_total_views":56,"footnotes":""},"categories":[1],"tags":[],"class_list":["post-4077","post","type-post","status-publish","format-standard","has-post-thumbnail","hentry","category-sem-categoria"],"featured_image_src":"https:\/\/semapi.com.br\/wp-content\/uploads\/2025\/07\/joelma2.jpg","author_info":{"display_name":"marketing","author_link":"https:\/\/semapi.com.br\/es\/author\/marketing\/"},"yoast_head":"<!-- This site is optimized with the Yoast SEO plugin v27.4 - https:\/\/yoast.com\/product\/yoast-seo-wordpress\/ -->\n<title>50 anos depois: o impacto do Edif\u00edcio Joelma nas normas de prote\u00e7\u00e3o contra inc\u00eandios - SEMAPI<\/title>\n<meta name=\"robots\" content=\"index, follow, max-snippet:-1, max-image-preview:large, max-video-preview:-1\" \/>\n<link rel=\"canonical\" href=\"https:\/\/semapi.com.br\/es\/50-anos-depois-o-impacto-do-joelma-nas-normas-de-protecao-contra-incendios\/\" \/>\n<meta property=\"og:locale\" content=\"es_ES\" \/>\n<meta property=\"og:type\" content=\"article\" \/>\n<meta property=\"og:title\" content=\"50 anos depois: o impacto do Edif\u00edcio Joelma nas normas de prote\u00e7\u00e3o contra inc\u00eandios - SEMAPI\" \/>\n<meta property=\"og:description\" content=\"Na manh\u00e3 de 1\u00ba de fevereiro de 1974, o Brasil foi surpreendido por uma das maiores trag\u00e9dias urbanas de sua hist\u00f3ria: o inc\u00eandio no Edif\u00edcio Joelma, no centro de S\u00e3o Paulo. Um curto-circuito em um aparelho de ar-condicionado no 12\u00ba andar deu in\u00edcio a um inc\u00eandio de grandes propor\u00e7\u00f5es, que se alastrou rapidamente por salas [&hellip;]\" \/>\n<meta property=\"og:url\" content=\"https:\/\/semapi.com.br\/es\/50-anos-depois-o-impacto-do-joelma-nas-normas-de-protecao-contra-incendios\/\" \/>\n<meta property=\"og:site_name\" content=\"SEMAPI\" \/>\n<meta property=\"article:published_time\" content=\"2025-07-07T19:13:56+00:00\" \/>\n<meta property=\"article:modified_time\" content=\"2025-07-08T11:51:35+00:00\" \/>\n<meta property=\"og:image\" content=\"https:\/\/semapi.com.br\/wp-content\/uploads\/2025\/07\/joelma2.jpg\" \/>\n\t<meta property=\"og:image:width\" content=\"1024\" \/>\n\t<meta property=\"og:image:height\" content=\"535\" \/>\n\t<meta property=\"og:image:type\" content=\"image\/jpeg\" \/>\n<meta name=\"author\" content=\"marketing\" \/>\n<meta name=\"twitter:card\" content=\"summary_large_image\" \/>\n<meta name=\"twitter:label1\" content=\"Escrito por\" \/>\n\t<meta name=\"twitter:data1\" content=\"marketing\" \/>\n\t<meta name=\"twitter:label2\" content=\"Tiempo de lectura\" \/>\n\t<meta name=\"twitter:data2\" content=\"3 minutos\" \/>\n<script type=\"application\/ld+json\" class=\"yoast-schema-graph\">{\"@context\":\"https:\\\/\\\/schema.org\",\"@graph\":[{\"@type\":\"Article\",\"@id\":\"https:\\\/\\\/semapi.com.br\\\/en\\\/50-anos-depois-o-impacto-do-joelma-nas-normas-de-protecao-contra-incendios\\\/#article\",\"isPartOf\":{\"@id\":\"https:\\\/\\\/semapi.com.br\\\/en\\\/50-anos-depois-o-impacto-do-joelma-nas-normas-de-protecao-contra-incendios\\\/\"},\"author\":{\"name\":\"marketing\",\"@id\":\"https:\\\/\\\/semapi.com.br\\\/#\\\/schema\\\/person\\\/840f49733c5d3ebb2bbd58c9c794eca4\"},\"headline\":\"50 anos depois: o impacto do Edif\u00edcio Joelma nas normas de prote\u00e7\u00e3o contra inc\u00eandios\",\"datePublished\":\"2025-07-07T19:13:56+00:00\",\"dateModified\":\"2025-07-08T11:51:35+00:00\",\"mainEntityOfPage\":{\"@id\":\"https:\\\/\\\/semapi.com.br\\\/en\\\/50-anos-depois-o-impacto-do-joelma-nas-normas-de-protecao-contra-incendios\\\/\"},\"wordCount\":549,\"publisher\":{\"@id\":\"https:\\\/\\\/semapi.com.br\\\/#organization\"},\"image\":{\"@id\":\"https:\\\/\\\/semapi.com.br\\\/en\\\/50-anos-depois-o-impacto-do-joelma-nas-normas-de-protecao-contra-incendios\\\/#primaryimage\"},\"thumbnailUrl\":\"https:\\\/\\\/semapi.com.br\\\/wp-content\\\/uploads\\\/2025\\\/07\\\/joelma2.jpg\",\"articleSection\":[\"sem categoria\"],\"inLanguage\":\"es\"},{\"@type\":\"WebPage\",\"@id\":\"https:\\\/\\\/semapi.com.br\\\/en\\\/50-anos-depois-o-impacto-do-joelma-nas-normas-de-protecao-contra-incendios\\\/\",\"url\":\"https:\\\/\\\/semapi.com.br\\\/en\\\/50-anos-depois-o-impacto-do-joelma-nas-normas-de-protecao-contra-incendios\\\/\",\"name\":\"50 anos depois: o impacto do Edif\u00edcio Joelma nas normas de prote\u00e7\u00e3o contra inc\u00eandios - SEMAPI\",\"isPartOf\":{\"@id\":\"https:\\\/\\\/semapi.com.br\\\/#website\"},\"primaryImageOfPage\":{\"@id\":\"https:\\\/\\\/semapi.com.br\\\/en\\\/50-anos-depois-o-impacto-do-joelma-nas-normas-de-protecao-contra-incendios\\\/#primaryimage\"},\"image\":{\"@id\":\"https:\\\/\\\/semapi.com.br\\\/en\\\/50-anos-depois-o-impacto-do-joelma-nas-normas-de-protecao-contra-incendios\\\/#primaryimage\"},\"thumbnailUrl\":\"https:\\\/\\\/semapi.com.br\\\/wp-content\\\/uploads\\\/2025\\\/07\\\/joelma2.jpg\",\"datePublished\":\"2025-07-07T19:13:56+00:00\",\"dateModified\":\"2025-07-08T11:51:35+00:00\",\"inLanguage\":\"es\",\"potentialAction\":[{\"@type\":\"ReadAction\",\"target\":[\"https:\\\/\\\/semapi.com.br\\\/en\\\/50-anos-depois-o-impacto-do-joelma-nas-normas-de-protecao-contra-incendios\\\/\"]}]},{\"@type\":\"ImageObject\",\"inLanguage\":\"es\",\"@id\":\"https:\\\/\\\/semapi.com.br\\\/en\\\/50-anos-depois-o-impacto-do-joelma-nas-normas-de-protecao-contra-incendios\\\/#primaryimage\",\"url\":\"https:\\\/\\\/semapi.com.br\\\/wp-content\\\/uploads\\\/2025\\\/07\\\/joelma2.jpg\",\"contentUrl\":\"https:\\\/\\\/semapi.com.br\\\/wp-content\\\/uploads\\\/2025\\\/07\\\/joelma2.jpg\",\"width\":1024,\"height\":535,\"caption\":\"joelma\"},{\"@type\":\"WebSite\",\"@id\":\"https:\\\/\\\/semapi.com.br\\\/#website\",\"url\":\"https:\\\/\\\/semapi.com.br\\\/\",\"name\":\"SEMAPI\",\"description\":\"\",\"publisher\":{\"@id\":\"https:\\\/\\\/semapi.com.br\\\/#organization\"},\"potentialAction\":[{\"@type\":\"SearchAction\",\"target\":{\"@type\":\"EntryPoint\",\"urlTemplate\":\"https:\\\/\\\/semapi.com.br\\\/?s={search_term_string}\"},\"query-input\":{\"@type\":\"PropertyValueSpecification\",\"valueRequired\":true,\"valueName\":\"search_term_string\"}}],\"inLanguage\":\"es\"},{\"@type\":\"Organization\",\"@id\":\"https:\\\/\\\/semapi.com.br\\\/#organization\",\"name\":\"SEMAPI\",\"url\":\"https:\\\/\\\/semapi.com.br\\\/\",\"logo\":{\"@type\":\"ImageObject\",\"inLanguage\":\"es\",\"@id\":\"https:\\\/\\\/semapi.com.br\\\/#\\\/schema\\\/logo\\\/image\\\/\",\"url\":\"https:\\\/\\\/semapi.com.br\\\/wp-content\\\/uploads\\\/2020\\\/02\\\/Semapi-Logo.png\",\"contentUrl\":\"https:\\\/\\\/semapi.com.br\\\/wp-content\\\/uploads\\\/2020\\\/02\\\/Semapi-Logo.png\",\"width\":179,\"height\":56,\"caption\":\"SEMAPI\"},\"image\":{\"@id\":\"https:\\\/\\\/semapi.com.br\\\/#\\\/schema\\\/logo\\\/image\\\/\"}},{\"@type\":\"Person\",\"@id\":\"https:\\\/\\\/semapi.com.br\\\/#\\\/schema\\\/person\\\/840f49733c5d3ebb2bbd58c9c794eca4\",\"name\":\"marketing\",\"url\":\"https:\\\/\\\/semapi.com.br\\\/es\\\/author\\\/marketing\\\/\"}]}<\/script>\n<!-- \/ Yoast SEO plugin. -->","yoast_head_json":{"title":"50 anos depois: o impacto do Edif\u00edcio Joelma nas normas de prote\u00e7\u00e3o contra inc\u00eandios - SEMAPI","robots":{"index":"index","follow":"follow","max-snippet":"max-snippet:-1","max-image-preview":"max-image-preview:large","max-video-preview":"max-video-preview:-1"},"canonical":"https:\/\/semapi.com.br\/es\/50-anos-depois-o-impacto-do-joelma-nas-normas-de-protecao-contra-incendios\/","og_locale":"es_ES","og_type":"article","og_title":"50 anos depois: o impacto do Edif\u00edcio Joelma nas normas de prote\u00e7\u00e3o contra inc\u00eandios - SEMAPI","og_description":"Na manh\u00e3 de 1\u00ba de fevereiro de 1974, o Brasil foi surpreendido por uma das maiores trag\u00e9dias urbanas de sua hist\u00f3ria: o inc\u00eandio no Edif\u00edcio Joelma, no centro de S\u00e3o Paulo. Um curto-circuito em um aparelho de ar-condicionado no 12\u00ba andar deu in\u00edcio a um inc\u00eandio de grandes propor\u00e7\u00f5es, que se alastrou rapidamente por salas [&hellip;]","og_url":"https:\/\/semapi.com.br\/es\/50-anos-depois-o-impacto-do-joelma-nas-normas-de-protecao-contra-incendios\/","og_site_name":"SEMAPI","article_published_time":"2025-07-07T19:13:56+00:00","article_modified_time":"2025-07-08T11:51:35+00:00","og_image":[{"width":1024,"height":535,"url":"https:\/\/semapi.com.br\/wp-content\/uploads\/2025\/07\/joelma2.jpg","type":"image\/jpeg"}],"author":"marketing","twitter_card":"summary_large_image","twitter_misc":{"Escrito por":"marketing","Tiempo de lectura":"3 minutos"},"schema":{"@context":"https:\/\/schema.org","@graph":[{"@type":"Article","@id":"https:\/\/semapi.com.br\/en\/50-anos-depois-o-impacto-do-joelma-nas-normas-de-protecao-contra-incendios\/#article","isPartOf":{"@id":"https:\/\/semapi.com.br\/en\/50-anos-depois-o-impacto-do-joelma-nas-normas-de-protecao-contra-incendios\/"},"author":{"name":"marketing","@id":"https:\/\/semapi.com.br\/#\/schema\/person\/840f49733c5d3ebb2bbd58c9c794eca4"},"headline":"50 anos depois: o impacto do Edif\u00edcio Joelma nas normas de prote\u00e7\u00e3o contra inc\u00eandios","datePublished":"2025-07-07T19:13:56+00:00","dateModified":"2025-07-08T11:51:35+00:00","mainEntityOfPage":{"@id":"https:\/\/semapi.com.br\/en\/50-anos-depois-o-impacto-do-joelma-nas-normas-de-protecao-contra-incendios\/"},"wordCount":549,"publisher":{"@id":"https:\/\/semapi.com.br\/#organization"},"image":{"@id":"https:\/\/semapi.com.br\/en\/50-anos-depois-o-impacto-do-joelma-nas-normas-de-protecao-contra-incendios\/#primaryimage"},"thumbnailUrl":"https:\/\/semapi.com.br\/wp-content\/uploads\/2025\/07\/joelma2.jpg","articleSection":["sem categoria"],"inLanguage":"es"},{"@type":"WebPage","@id":"https:\/\/semapi.com.br\/en\/50-anos-depois-o-impacto-do-joelma-nas-normas-de-protecao-contra-incendios\/","url":"https:\/\/semapi.com.br\/en\/50-anos-depois-o-impacto-do-joelma-nas-normas-de-protecao-contra-incendios\/","name":"50 anos depois: o impacto do Edif\u00edcio Joelma nas normas de prote\u00e7\u00e3o contra inc\u00eandios - SEMAPI","isPartOf":{"@id":"https:\/\/semapi.com.br\/#website"},"primaryImageOfPage":{"@id":"https:\/\/semapi.com.br\/en\/50-anos-depois-o-impacto-do-joelma-nas-normas-de-protecao-contra-incendios\/#primaryimage"},"image":{"@id":"https:\/\/semapi.com.br\/en\/50-anos-depois-o-impacto-do-joelma-nas-normas-de-protecao-contra-incendios\/#primaryimage"},"thumbnailUrl":"https:\/\/semapi.com.br\/wp-content\/uploads\/2025\/07\/joelma2.jpg","datePublished":"2025-07-07T19:13:56+00:00","dateModified":"2025-07-08T11:51:35+00:00","inLanguage":"es","potentialAction":[{"@type":"ReadAction","target":["https:\/\/semapi.com.br\/en\/50-anos-depois-o-impacto-do-joelma-nas-normas-de-protecao-contra-incendios\/"]}]},{"@type":"ImageObject","inLanguage":"es","@id":"https:\/\/semapi.com.br\/en\/50-anos-depois-o-impacto-do-joelma-nas-normas-de-protecao-contra-incendios\/#primaryimage","url":"https:\/\/semapi.com.br\/wp-content\/uploads\/2025\/07\/joelma2.jpg","contentUrl":"https:\/\/semapi.com.br\/wp-content\/uploads\/2025\/07\/joelma2.jpg","width":1024,"height":535,"caption":"joelma"},{"@type":"WebSite","@id":"https:\/\/semapi.com.br\/#website","url":"https:\/\/semapi.com.br\/","name":"SEMAPI","description":"","publisher":{"@id":"https:\/\/semapi.com.br\/#organization"},"potentialAction":[{"@type":"SearchAction","target":{"@type":"EntryPoint","urlTemplate":"https:\/\/semapi.com.br\/?s={search_term_string}"},"query-input":{"@type":"PropertyValueSpecification","valueRequired":true,"valueName":"search_term_string"}}],"inLanguage":"es"},{"@type":"Organization","@id":"https:\/\/semapi.com.br\/#organization","name":"SEMAPI","url":"https:\/\/semapi.com.br\/","logo":{"@type":"ImageObject","inLanguage":"es","@id":"https:\/\/semapi.com.br\/#\/schema\/logo\/image\/","url":"https:\/\/semapi.com.br\/wp-content\/uploads\/2020\/02\/Semapi-Logo.png","contentUrl":"https:\/\/semapi.com.br\/wp-content\/uploads\/2020\/02\/Semapi-Logo.png","width":179,"height":56,"caption":"SEMAPI"},"image":{"@id":"https:\/\/semapi.com.br\/#\/schema\/logo\/image\/"}},{"@type":"Person","@id":"https:\/\/semapi.com.br\/#\/schema\/person\/840f49733c5d3ebb2bbd58c9c794eca4","name":"marketing","url":"https:\/\/semapi.com.br\/es\/author\/marketing\/"}]}},"_links":{"self":[{"href":"https:\/\/semapi.com.br\/es\/wp-json\/wp\/v2\/posts\/4077","targetHints":{"allow":["GET"]}}],"collection":[{"href":"https:\/\/semapi.com.br\/es\/wp-json\/wp\/v2\/posts"}],"about":[{"href":"https:\/\/semapi.com.br\/es\/wp-json\/wp\/v2\/types\/post"}],"author":[{"embeddable":true,"href":"https:\/\/semapi.com.br\/es\/wp-json\/wp\/v2\/users\/22"}],"replies":[{"embeddable":true,"href":"https:\/\/semapi.com.br\/es\/wp-json\/wp\/v2\/comments?post=4077"}],"version-history":[{"count":6,"href":"https:\/\/semapi.com.br\/es\/wp-json\/wp\/v2\/posts\/4077\/revisions"}],"predecessor-version":[{"id":4093,"href":"https:\/\/semapi.com.br\/es\/wp-json\/wp\/v2\/posts\/4077\/revisions\/4093"}],"wp:featuredmedia":[{"embeddable":true,"href":"https:\/\/semapi.com.br\/es\/wp-json\/wp\/v2\/media\/4081"}],"wp:attachment":[{"href":"https:\/\/semapi.com.br\/es\/wp-json\/wp\/v2\/media?parent=4077"}],"wp:term":[{"taxonomy":"category","embeddable":true,"href":"https:\/\/semapi.com.br\/es\/wp-json\/wp\/v2\/categories?post=4077"},{"taxonomy":"post_tag","embeddable":true,"href":"https:\/\/semapi.com.br\/es\/wp-json\/wp\/v2\/tags?post=4077"}],"curies":[{"name":"wp","href":"https:\/\/api.w.org\/{rel}","templated":true}]}}